{"id":3840,"date":"2025-04-24T14:13:57","date_gmt":"2025-04-24T12:13:57","guid":{"rendered":"https:\/\/vdldemeeuw.com\/nl\/?post_type=news&#038;p=3840"},"modified":"2025-06-19T10:29:57","modified_gmt":"2025-06-19T08:29:57","slug":"vdl-de-meeuw-op-de-provada-2025","status":"publish","type":"news","link":"https:\/\/vdldemeeuw.com\/nl\/nieuws\/vdl-de-meeuw-op-de-provada-2025\/","title":{"rendered":"VDL De Meeuw op de Provada 2025"},"content":{"rendered":"\n<section class=\"novi-block block-row block-row--stretch-narrow\">\n    <div class=\"block-row__row row\">\n                \n\n<div class=\"novi-block block-column col col--1 col--lg-1\/1\">\n    \n<h2 class=\"novi-block block-heading h2\"data-mb=\"smaller\" id=\"novi-heading-b2ee529b-cdaa-4360-b36a-c4d964954b0e\"><strong>Samen sneller en slimmer bouwen<\/strong><\/h2>\n\n<p class=\"novi-block block-paragraph\"data-mb=\"small\">Door te bouwen als een fabrikant met standaardisatie, controle en snelheid realiseren we gebouwen die niet alleen sneller klaar zijn, maar ook slimmer, duurzaam en circulair gebouwd. Onze modulaire oplossingen zijn eenvoudig aanpasbaar en herbruikbaar: ideaal voor een samenleving in beweging.<\/p>\n<\/div>\n            <\/div>\n<\/section>\n\n\n\n<section class=\"novi-block block-row block-row--stretch-narrow\">\n    <div class=\"block-row__row row\">\n                \n\n<div class=\"novi-block block-column col col--1 col--lg-1\/1\">\n    \n<h2 class=\"novi-block block-heading h4\"data-mb=\"smaller\" id=\"novi-heading-b2ee529b-cdaa-4360-b36a-c4d964954b0e\"><strong>Leverancier van flexgoed + maakpartner voor vastgoed<\/strong><\/h2>\n\n<p class=\"novi-block block-paragraph\"data-mb=\"small\">We werken nauw samen met gemeenten, woningcorporaties, zorginstellingen en investeerders. Samen cre\u00ebren we betaalbare huisvesting die meebeweegt met de tijd. Niet vanuit stenen, maar vanuit systemen die \u00e9cht verschil maken. Met de kracht van de combinatie: bijna 100 jaar expertise in modulair bouwen en schaalbare industri\u00eble productiecapaciteit.<\/p>\n\n<h2 class=\"novi-block block-heading h4\"data-mb=\"smaller\" id=\"novi-heading-b2ee529b-cdaa-4360-b36a-c4d964954b0e\"><strong>Bezoek ons op stand 12-50<\/strong><\/h2>\n\n<p class=\"novi-block block-paragraph\"data-mb=\"small\">Nieuwsgierig hoe wij versnellen? Bezoek onze stand op de Provada (stand 12-50) op 17, 18 of 19 juni in de RAI Amsterdam en ervaar zelf de kracht van industrieel modulair bouwen met visie, daadkracht en toekomstgericht denken.<\/p>\n\n<h2 class=\"novi-block block-heading h2\"data-mb=\"smaller\" id=\"novi-heading-b2ee529b-cdaa-4360-b36a-c4d964954b0e\"><strong><strong>Programma:<\/strong><\/strong><\/h2>\n\n<p class=\"novi-block block-paragraph\"data-mb=\"small\"><strong>Grond in de wacht? Tijdelijk benutten met blijvende waarde<\/strong><br>Hoe benut je on(der)benutte grondlocaties slim, zonder waarde te verliezen? Wij laten zien hoe tijdelijke oplossingen blijvende impact maken. Koffietafelsessies met Marco van Doornmalen. Informeel en praktisch. In 30 minuten ontdek je wat er w\u00e9l kan.<br><br>Dinsdag 17 juni | 11:00 en 13:00 uur | VDL De Meeuw stand 12.50<br>Woensdag 18 juni | 11:00 en 13:00 uur | VDL De Meeuw stand 12.50<br>Donderdag 19 juni | 11:00 en 13:00 uur | VDL De Meeuw stand 12.50<\/p>\n\n<p class=\"novi-block block-paragraph\"data-mb=\"small\"><strong>Biobased Wonen in 3D: slim, schaalbaar en betaalbaar<\/strong><br>Onze nieuwste biobased woning: industrieel geproduceerd, modulair schaalbaar en klaar voor de toekomst. Kom het 3D-model live ervaren. Koffietafelsessies met Erik Schampers; informeel, inspirerend en praktisch. Laat je in 30 minuten bijpraten over de nieuwste ontwikkelingen in biobased modulaire woningbouw en hoe jij hiermee sneller en slimmer kunt bouwen.<br><br>Dinsdag 17 juni | 10:30 en 14:00 uur | VDL De Meeuw stand 12.50<br>Woensdag 18 juni | 11:30 en 14:00 uur | VDL De Meeuw stand 12.50<br>Donderdag 19 juni | 13:30 uur | VDL De Meeuw stand 12.50<\/p>\n\n<p class=\"novi-block block-paragraph\"data-mb=\"small\"><strong>Huisvesting realiseren ondanks netcongestie: wat kan er w\u00e9l?<\/strong><br>Netcongestie hoeft geen showstopper te zijn. Ontdek de slimme oplossingen waarmee we toch kunnen bouwen; nu \u00e9n morgen. De koffie staat klaar op woensdagochtend om 10.30 uur, tijdens een koffietafelsessie met Pom van de Ven en Jim Arends van VDL Energy Systems.<br><br>Woensdag 18 juni | 10:30 uur | VDL De Meeuw stand 12.50<\/p>\n\n<p class=\"novi-block block-paragraph\"data-mb=\"small\"><strong>Meer dan herhaling: karakter in modulaire architectuur<\/strong><br>Modulair bouwen saai? Integendeel. Architecten en ontwerpers delen hoe karakter en eigenheid samengaan met standaardisatie. De koffie staat klaar op donderdagochtend om 10.30 uur, tijdens een koffietafelsessie met Danai Dafnouli.<br><br>Donderdag 19 juni | 10:30 uur | VDL De Meeuw stand 12.50<\/p>\n\n<p class=\"novi-block block-paragraph\"data-mb=\"small\"><strong>Studenten TOUR: VDL De Meeuw Modulair gebouw in 3\u20262\u20261\u2026 GO!<\/strong><br>Een speciale rondleiding voor studenten, waarin we onze werkwijze en visie delen. Laat je verrassen door de kracht van bouwen met impact.<br><br>Donderdag 19 juni | 14:25 &#8211; 14.45 uur | VDL De Meeuw stand 12.50<\/p>\n<\/div>\n            <\/div>\n<\/section>\n\n\n\n<section class=\"novi-block block-row block-row--stretch-narrow\">\n    <div class=\"block-row__row row\">\n                \n\n<div class=\"novi-block block-column col col--1 col--lg-1\/1\">\n    \n<p class=\"novi-block block-paragraph\"data-mb=\"small\"><strong>Geen straatje maar een WIJk erbij in elke gemeente!<br><\/strong>Hoe realiseer je n\u00fa complete, duurzame woonwijken voor de middenhuur?<br>Tijdens deze sessie op het Vastgoedmarkt-podium laten VDL De Meeuw en WIJk zien hoe maakpartnerschap en industrialisatie samenkomen in een oplossing die werkt. Met Bram van Rijt (VDL De Meeuw), Stephan Steijn (WIJk) en moderator Suze Gehem. Niet nog een plan voor later, maar een echte WIJk voor nu.<\/p>\n\n<p class=\"novi-block block-paragraph\"data-mb=\"small\">Dinsdag 17 juni | 12:00 \u2013 12:30 uur | Vastgoedmarkt Theater (stand 10-09)<\/p>\n\n<p class=\"novi-block block-paragraph\"data-mb=\"small\"><\/p>\n<\/div>\n            <\/div>\n<\/section>\n\n\n\n<section class=\"novi-block block-row block-row--stretch-narrow\">\n    <div class=\"block-row__row row\">\n                \n\n<div class=\"novi-block block-column col col--1 col--lg-1\/1\">\n    \n\n\n\n    <div class=\"novi-block block-image block-image--enable-rounded-corners\"\n         data-mt=\"none\"         data-mb=\"small\"         data-horizontal-align=\"centered\"\n         data-vertical-align=\"centered\"\n         data-mobile-align=\"centered\">\n\n        <figure class=\"block-image__inner\" style=\"max-width: 1920px\">\n\n            \n            <div class=\"block-image__image-container\">\n\n                <picture class=\"block-image__picture\" draggable=\"false\">\n\n                    \n                        <source media=\"(min-width: 414px)\"\n                                width=\"1920px\"\n                                height=\"1281px\"\n                                srcset=\"https:\/\/vdldemeeuw.com\/nl\/wp-content\/uploads\/sites\/2\/2025\/04\/Provada-VDL-DE-MEEUW-2024-1-scaled.jpg\"\/>\n\n                        <source media=\"(min-width: 0px)\"\n                                width=\"360px\"\n                                height=\"240px\"\n                                srcset=\"https:\/\/vdldemeeuw.com\/nl\/wp-content\/uploads\/sites\/2\/2025\/04\/Provada-VDL-DE-MEEUW-2024-1-720x480.jpg 2x, https:\/\/vdldemeeuw.com\/nl\/wp-content\/uploads\/sites\/2\/2025\/04\/Provada-VDL-DE-MEEUW-2024-1-360x240.jpg\"\/>\n\n                    \n                    <img decoding=\"async\" loading=\"lazy\"\n                         class=\"block-image__image\"\n                         alt=\"Provada VDL DE MEEUW 2024-1\"\n                         src=\"https:\/\/vdldemeeuw.com\/nl\/wp-content\/uploads\/sites\/2\/2025\/04\/Provada-VDL-DE-MEEUW-2024-1-scaled.jpg\"\n                         width=\"1920px\"                         height=\"1281px\"\/>\n\n                <\/picture>\n\n                                    <div class=\"block-image__holder block-image__holder--desktop\"\n                         style=\"aspect-ratio: 1920\/1281; max-width: 1920px\">\n                    <\/div>\n                \n                                    <div class=\"block-image__holder block-image__holder--mobile\"\n                         style=\"aspect-ratio: 360\/240; max-width: 360px\">\n                    <\/div>\n                \n            <\/div>\n\n            \n            \n        <\/figure>\n\n    <\/div>\n\n\n\n<\/div>\n            <\/div>\n<\/section>\n\n\n\n<section class=\"novi-block block-row block-row--stretch-narrow\"data-mb=\"regular\">\n    <div class=\"block-row__row row block-row__row--preset-1\/3|1\/3|1\/3\">\n                \n\n<div class=\"novi-block block-column col col--1 col--lg-1\/3\">\n    \n<h2 class=\"novi-block block-heading h2\"data-mb=\"smaller\" id=\"novi-heading-3fec05ee-45ec-4bb4-8f66-4e7df5b3fb73\">Dinsdag 17 juni<\/h2>\n\n<p class=\"novi-block block-paragraph\"data-mb=\"small\"><strong>10:30 uur<\/strong> <br>Biobased wonen in 3D: slim, schaalbaar en betaalbaar | VDL De Meeuw stand 12.50<\/p>\n\n<p class=\"novi-block block-paragraph\"data-mb=\"small\"><strong>11:00 uur<\/strong> <br>Grond in de wacht? Tijdelijk benutten met blijvende waarde | VDL De Meeuw stand 12.50<\/p>\n\n<p class=\"novi-block block-paragraph\"data-mb=\"small\"><strong>12:00 uur<\/strong><br>Geen straatje, maar een WIJk erbij in elke gemeente | Vastgoedmarkt Theater 10.09<\/p>\n\n<p class=\"novi-block block-paragraph\"data-mb=\"small\"><strong>13:00 uur<\/strong> <br>Grond in de wacht? Tijdelijk benutten met blijvende waarde | VDL De Meeuw stand 12.50<\/p>\n\n<p class=\"novi-block block-paragraph\"data-mb=\"small\"><strong>14:00 uur<\/strong> <br>Biobased wonen in 3D: slim, schaalbaar en betaalbaar | VDL De Meeuw stand 12.50<\/p>\n<\/div>\n\n\n<div class=\"novi-block block-column col col--1 col--lg-1\/3\">\n    \n<h2 class=\"novi-block block-heading h2\"data-mb=\"smaller\" id=\"novi-heading-6332226e-f7ca-41c0-80c6-278349b6209e\">Woensdag 18 juni<\/h2>\n\n<p class=\"novi-block block-paragraph\"data-mb=\"small\"><strong>10:30 uur<\/strong> <br>Huisvesting realiseren ondanks netcongestie: wat kan er wel? | VDL De Meeuw stand 12.50<\/p>\n\n<p class=\"novi-block block-paragraph\"data-mb=\"small\"><strong>11:30 uur<\/strong> <br>Biobased wonen in 3D: slim, schaalbaar en betaalbaar | VDL De Meeuw stand 12.50<\/p>\n\n<p class=\"novi-block block-paragraph\"data-mb=\"small\"><strong>11:00 uur<\/strong> <br>Grond in de wacht? Tijdelijk benutten met blijvende waarde | VDL De Meeuw stand 12.50<\/p>\n\n<p class=\"novi-block block-paragraph\"data-mb=\"small\"><strong>12:00 uur<\/strong><br>Geen straatje, maar een WIJk erbij in elke gemeente | Vastgoedmarkt Theater 10.09<\/p>\n\n<p class=\"novi-block block-paragraph\"data-mb=\"small\"><strong>13:00 uur<\/strong> <br>Grond in de wacht? Tijdelijk benutten met blijvende waarde | VDL De Meeuw stand 12.50<\/p>\n\n<p class=\"novi-block block-paragraph\"data-mb=\"small\"><strong>14:00 uur<\/strong> <br>Biobased wonen in 3D: slim, schaalbaar en betaalbaar | VDL De Meeuw stand 12.50<\/p>\n<\/div>\n\n\n<div class=\"novi-block block-column col col--1 col--lg-1\/3\">\n    \n<h2 class=\"novi-block block-heading h2\"data-mb=\"smaller\" id=\"novi-heading-f64e3779-26d6-47a9-8b9a-13bbce707a38\">Donderdag 19 juni<\/h2>\n\n<p class=\"novi-block block-paragraph\"data-mb=\"small\"><strong>10:30 uur<\/strong> <br>Meer dan herhaling: karakter in modulaire architectuur | VDL De Meeuw stand 12.50<\/p>\n\n<p class=\"novi-block block-paragraph\"data-mb=\"small\"><strong>11:00 uur<\/strong> <br>Grond in de wacht? Tijdelijk benutten met blijvende waarde | VDL De Meeuw stand 12.50<\/p>\n\n<p class=\"novi-block block-paragraph\"data-mb=\"small\"><strong>13:00 uur<\/strong> <br>Grond in de wacht? Tijdelijk benutten met blijvende waarde | VDL De Meeuw stand 12.50<\/p>\n\n<p class=\"novi-block block-paragraph\"data-mb=\"small\"><strong>13:30 uur<\/strong> <br>Biobased wonen in 3D: slim, schaalbaar en betaalbaar | VDL De Meeuw stand 12.50<\/p>\n\n<p class=\"novi-block block-paragraph\"data-mb=\"small\"><strong>14:25 uur<\/strong> <br>Studenten TOUR: VDL De Meeuw modulair gebouw 3&#8230; 2&#8230; 1&#8230;  GO! | VDL De Meeuw stand 12.50<\/p>\n<\/div>\n            <\/div>\n<\/section>\n\n\n<p class=\"novi-block block-paragraph\"data-mb=\"small\"><\/p>","protected":false},"excerpt":{"rendered":"<p>Ook dit jaar is VDL De Meeuw weer aanwezig op de Provada \u2013 h\u00e9t vastgoedplatform van Nederland \u2013 op 17, 18 en 19 juni in de RAI Amsterdam. We laten zien hoe industrieel modulair bouwen het verschil maakt in de bouwsector. Of het nu gaat om woningnood, verouderde schoolgebouwen of de toenemende vraag naar aanpasbare zorgomgevingen: wij bieden schaalbare, flexibele \u00e9n toekomstbestendige oplossingen.<\/p>\n","protected":false},"featured_media":3841,"template":"","news-category":[20],"class_list":["post-3840","news","type-news","status-publish","has-post-thumbnail","hentry"],"acf":[],"yoast_head":"<title>VDL De Meeuw op Provada 2025 \u2013 Modulair Bouwen<\/title>\n<meta name=\"description\" content=\"Ontdek modulair bouwen bij VDL De Meeuw op Provada 2025, 17-19 juni in RAI Amsterdam. Snel, duurzaam en flexibel bouwen. Stand 12-50.\" \/>\n<meta name=\"robots\" content=\"index, follow, max-snippet:-1, max-image-preview:large, max-video-preview:-1\" \/>\n<link rel=\"canonical\" href=\"https:\/\/vdldemeeuw.com\/nl\/nieuws\/vdl-de-meeuw-op-de-provada-2025\/\" \/>\n<meta property=\"og:locale\" content=\"nl_NL\" \/>\n<meta property=\"og:type\" content=\"article\" \/>\n<meta property=\"og:title\" content=\"VDL De Meeuw op Provada 2025 \u2013 Modulair Bouwen\" \/>\n<meta property=\"og:description\" content=\"Ontdek modulair bouwen bij VDL De Meeuw op Provada 2025, 17-19 juni in RAI Amsterdam. Snel, duurzaam en flexibel bouwen. Stand 12-50.\" \/>\n<meta property=\"og:url\" content=\"https:\/\/vdldemeeuw.com\/nl\/nieuws\/vdl-de-meeuw-op-de-provada-2025\/\" \/>\n<meta property=\"og:site_name\" content=\"VDL De Meeuw NL\" \/>\n<meta property=\"article:publisher\" content=\"https:\/\/www.facebook.com\/vdldemeeuw\" \/>\n<meta property=\"article:modified_time\" content=\"2025-06-19T08:29:57+00:00\" \/>\n<meta property=\"og:image\" content=\"https:\/\/vdldemeeuw.com\/nl\/wp-content\/uploads\/sites\/2\/2025\/04\/Provada-VDL-DE-MEEUW-2024-6-scaled.jpg\" \/>\n\t<meta property=\"og:image:width\" content=\"1619\" \/>\n\t<meta property=\"og:image:height\" content=\"1080\" \/>\n\t<meta property=\"og:image:type\" content=\"image\/jpeg\" \/>\n<meta name=\"twitter:card\" content=\"summary_large_image\" \/>\n<meta name=\"twitter:label1\" content=\"Geschatte leestijd\" \/>\n\t<meta name=\"twitter:data1\" content=\"5 minuten\" \/>\n<script type=\"application\/ld+json\" class=\"yoast-schema-graph\">{\"@context\":\"https:\\\/\\\/schema.org\",\"@graph\":[{\"@type\":\"WebPage\",\"@id\":\"https:\\\/\\\/vdldemeeuw.com\\\/nl\\\/nieuws\\\/vdl-de-meeuw-op-de-provada-2025\\\/\",\"url\":\"https:\\\/\\\/vdldemeeuw.com\\\/nl\\\/nieuws\\\/vdl-de-meeuw-op-de-provada-2025\\\/\",\"name\":\"VDL De Meeuw op Provada 2025 \u2013 Modulair Bouwen\",\"isPartOf\":{\"@id\":\"https:\\\/\\\/vdldemeeuw.com\\\/nl\\\/#website\"},\"primaryImageOfPage\":{\"@id\":\"https:\\\/\\\/vdldemeeuw.com\\\/nl\\\/nieuws\\\/vdl-de-meeuw-op-de-provada-2025\\\/#primaryimage\"},\"image\":{\"@id\":\"https:\\\/\\\/vdldemeeuw.com\\\/nl\\\/nieuws\\\/vdl-de-meeuw-op-de-provada-2025\\\/#primaryimage\"},\"thumbnailUrl\":\"https:\\\/\\\/vdldemeeuw.com\\\/nl\\\/wp-content\\\/uploads\\\/sites\\\/2\\\/2025\\\/04\\\/Provada-VDL-DE-MEEUW-2024-6-scaled.jpg\",\"datePublished\":\"2025-04-24T12:13:57+00:00\",\"dateModified\":\"2025-06-19T08:29:57+00:00\",\"description\":\"Ontdek modulair bouwen bij VDL De Meeuw op Provada 2025, 17-19 juni in RAI Amsterdam. Snel, duurzaam en flexibel bouwen. Stand 12-50.\",\"breadcrumb\":{\"@id\":\"https:\\\/\\\/vdldemeeuw.com\\\/nl\\\/nieuws\\\/vdl-de-meeuw-op-de-provada-2025\\\/#breadcrumb\"},\"inLanguage\":\"nl-NL\",\"potentialAction\":[{\"@type\":\"ReadAction\",\"target\":[\"https:\\\/\\\/vdldemeeuw.com\\\/nl\\\/nieuws\\\/vdl-de-meeuw-op-de-provada-2025\\\/\"]}]},{\"@type\":\"ImageObject\",\"inLanguage\":\"nl-NL\",\"@id\":\"https:\\\/\\\/vdldemeeuw.com\\\/nl\\\/nieuws\\\/vdl-de-meeuw-op-de-provada-2025\\\/#primaryimage\",\"url\":\"https:\\\/\\\/vdldemeeuw.com\\\/nl\\\/wp-content\\\/uploads\\\/sites\\\/2\\\/2025\\\/04\\\/Provada-VDL-DE-MEEUW-2024-6-scaled.jpg\",\"contentUrl\":\"https:\\\/\\\/vdldemeeuw.com\\\/nl\\\/wp-content\\\/uploads\\\/sites\\\/2\\\/2025\\\/04\\\/Provada-VDL-DE-MEEUW-2024-6-scaled.jpg\",\"width\":1920,\"height\":1281},{\"@type\":\"BreadcrumbList\",\"@id\":\"https:\\\/\\\/vdldemeeuw.com\\\/nl\\\/nieuws\\\/vdl-de-meeuw-op-de-provada-2025\\\/#breadcrumb\",\"itemListElement\":[{\"@type\":\"ListItem\",\"position\":1,\"name\":\"\",\"item\":\"https:\\\/\\\/vdldemeeuw.com\\\/nl\\\/\"},{\"@type\":\"ListItem\",\"position\":2,\"name\":\"Nieuws\",\"item\":\"https:\\\/\\\/vdldemeeuw.com\\\/nl\\\/nieuws\\\/\"},{\"@type\":\"ListItem\",\"position\":3,\"name\":\"VDL De Meeuw op de Provada 2025\"}]},{\"@type\":\"WebSite\",\"@id\":\"https:\\\/\\\/vdldemeeuw.com\\\/nl\\\/#website\",\"url\":\"https:\\\/\\\/vdldemeeuw.com\\\/nl\\\/\",\"name\":\"VDL De Meeuw\",\"description\":\"Flexgoed, Altijd de ruimte die je nodig hebt\",\"publisher\":{\"@id\":\"https:\\\/\\\/vdldemeeuw.com\\\/nl\\\/#organization\"},\"potentialAction\":[{\"@type\":\"SearchAction\",\"target\":{\"@type\":\"EntryPoint\",\"urlTemplate\":\"https:\\\/\\\/vdldemeeuw.com\\\/nl\\\/?zoek-term={search_term_string}\"},\"query-input\":{\"@type\":\"PropertyValueSpecification\",\"valueRequired\":true,\"valueName\":\"search_term_string\"}}],\"inLanguage\":\"nl-NL\"},{\"@type\":\"Organization\",\"@id\":\"https:\\\/\\\/vdldemeeuw.com\\\/nl\\\/#organization\",\"name\":\"VDL De Meeuw\",\"url\":\"https:\\\/\\\/vdldemeeuw.com\\\/nl\\\/\",\"logo\":{\"@type\":\"ImageObject\",\"inLanguage\":\"nl-NL\",\"@id\":\"https:\\\/\\\/vdldemeeuw.com\\\/nl\\\/#\\\/schema\\\/logo\\\/image\\\/\",\"url\":\"https:\\\/\\\/vdldemeeuw.com\\\/nl\\\/wp-content\\\/uploads\\\/sites\\\/2\\\/2024\\\/04\\\/logo-vdl-demeeuw.svg\",\"contentUrl\":\"https:\\\/\\\/vdldemeeuw.com\\\/nl\\\/wp-content\\\/uploads\\\/sites\\\/2\\\/2024\\\/04\\\/logo-vdl-demeeuw.svg\",\"width\":95,\"height\":54,\"caption\":\"VDL De Meeuw\"},\"image\":{\"@id\":\"https:\\\/\\\/vdldemeeuw.com\\\/nl\\\/#\\\/schema\\\/logo\\\/image\\\/\"},\"sameAs\":[\"https:\\\/\\\/www.facebook.com\\\/vdldemeeuw\",\"https:\\\/\\\/www.instagram.com\\\/vdldemeeuw\\\/\",\"https:\\\/\\\/www.youtube.com\\\/@vdldemeeuw\"]}]}<\/script>","yoast_head_json":{"title":"VDL De Meeuw op Provada 2025 \u2013 Modulair Bouwen","description":"Ontdek modulair bouwen bij VDL De Meeuw op Provada 2025, 17-19 juni in RAI Amsterdam. Snel, duurzaam en flexibel bouwen. Stand 12-50.","robots":{"index":"index","follow":"follow","max-snippet":"max-snippet:-1","max-image-preview":"max-image-preview:large","max-video-preview":"max-video-preview:-1"},"canonical":"https:\/\/vdldemeeuw.com\/nl\/nieuws\/vdl-de-meeuw-op-de-provada-2025\/","og_locale":"nl_NL","og_type":"article","og_title":"VDL De Meeuw op Provada 2025 \u2013 Modulair Bouwen","og_description":"Ontdek modulair bouwen bij VDL De Meeuw op Provada 2025, 17-19 juni in RAI Amsterdam. Snel, duurzaam en flexibel bouwen. Stand 12-50.","og_url":"https:\/\/vdldemeeuw.com\/nl\/nieuws\/vdl-de-meeuw-op-de-provada-2025\/","og_site_name":"VDL De Meeuw NL","article_publisher":"https:\/\/www.facebook.com\/vdldemeeuw","article_modified_time":"2025-06-19T08:29:57+00:00","og_image":[{"width":1619,"height":1080,"url":"https:\/\/vdldemeeuw.com\/nl\/wp-content\/uploads\/sites\/2\/2025\/04\/Provada-VDL-DE-MEEUW-2024-6-scaled.jpg","type":"image\/jpeg"}],"twitter_card":"summary_large_image","twitter_misc":{"Geschatte leestijd":"5 minuten"},"schema":{"@context":"https:\/\/schema.org","@graph":[{"@type":"WebPage","@id":"https:\/\/vdldemeeuw.com\/nl\/nieuws\/vdl-de-meeuw-op-de-provada-2025\/","url":"https:\/\/vdldemeeuw.com\/nl\/nieuws\/vdl-de-meeuw-op-de-provada-2025\/","name":"VDL De Meeuw op Provada 2025 \u2013 Modulair Bouwen","isPartOf":{"@id":"https:\/\/vdldemeeuw.com\/nl\/#website"},"primaryImageOfPage":{"@id":"https:\/\/vdldemeeuw.com\/nl\/nieuws\/vdl-de-meeuw-op-de-provada-2025\/#primaryimage"},"image":{"@id":"https:\/\/vdldemeeuw.com\/nl\/nieuws\/vdl-de-meeuw-op-de-provada-2025\/#primaryimage"},"thumbnailUrl":"https:\/\/vdldemeeuw.com\/nl\/wp-content\/uploads\/sites\/2\/2025\/04\/Provada-VDL-DE-MEEUW-2024-6-scaled.jpg","datePublished":"2025-04-24T12:13:57+00:00","dateModified":"2025-06-19T08:29:57+00:00","description":"Ontdek modulair bouwen bij VDL De Meeuw op Provada 2025, 17-19 juni in RAI Amsterdam. Snel, duurzaam en flexibel bouwen. Stand 12-50.","breadcrumb":{"@id":"https:\/\/vdldemeeuw.com\/nl\/nieuws\/vdl-de-meeuw-op-de-provada-2025\/#breadcrumb"},"inLanguage":"nl-NL","potentialAction":[{"@type":"ReadAction","target":["https:\/\/vdldemeeuw.com\/nl\/nieuws\/vdl-de-meeuw-op-de-provada-2025\/"]}]},{"@type":"ImageObject","inLanguage":"nl-NL","@id":"https:\/\/vdldemeeuw.com\/nl\/nieuws\/vdl-de-meeuw-op-de-provada-2025\/#primaryimage","url":"https:\/\/vdldemeeuw.com\/nl\/wp-content\/uploads\/sites\/2\/2025\/04\/Provada-VDL-DE-MEEUW-2024-6-scaled.jpg","contentUrl":"https:\/\/vdldemeeuw.com\/nl\/wp-content\/uploads\/sites\/2\/2025\/04\/Provada-VDL-DE-MEEUW-2024-6-scaled.jpg","width":1920,"height":1281},{"@type":"BreadcrumbList","@id":"https:\/\/vdldemeeuw.com\/nl\/nieuws\/vdl-de-meeuw-op-de-provada-2025\/#breadcrumb","itemListElement":[{"@type":"ListItem","position":1,"name":"","item":"https:\/\/vdldemeeuw.com\/nl\/"},{"@type":"ListItem","position":2,"name":"Nieuws","item":"https:\/\/vdldemeeuw.com\/nl\/nieuws\/"},{"@type":"ListItem","position":3,"name":"VDL De Meeuw op de Provada 2025"}]},{"@type":"WebSite","@id":"https:\/\/vdldemeeuw.com\/nl\/#website","url":"https:\/\/vdldemeeuw.com\/nl\/","name":"VDL De Meeuw","description":"Flexgoed, Altijd de ruimte die je nodig hebt","publisher":{"@id":"https:\/\/vdldemeeuw.com\/nl\/#organization"},"potentialAction":[{"@type":"SearchAction","target":{"@type":"EntryPoint","urlTemplate":"https:\/\/vdldemeeuw.com\/nl\/?zoek-term={search_term_string}"},"query-input":{"@type":"PropertyValueSpecification","valueRequired":true,"valueName":"search_term_string"}}],"inLanguage":"nl-NL"},{"@type":"Organization","@id":"https:\/\/vdldemeeuw.com\/nl\/#organization","name":"VDL De Meeuw","url":"https:\/\/vdldemeeuw.com\/nl\/","logo":{"@type":"ImageObject","inLanguage":"nl-NL","@id":"https:\/\/vdldemeeuw.com\/nl\/#\/schema\/logo\/image\/","url":"https:\/\/vdldemeeuw.com\/nl\/wp-content\/uploads\/sites\/2\/2024\/04\/logo-vdl-demeeuw.svg","contentUrl":"https:\/\/vdldemeeuw.com\/nl\/wp-content\/uploads\/sites\/2\/2024\/04\/logo-vdl-demeeuw.svg","width":95,"height":54,"caption":"VDL De Meeuw"},"image":{"@id":"https:\/\/vdldemeeuw.com\/nl\/#\/schema\/logo\/image\/"},"sameAs":["https:\/\/www.facebook.com\/vdldemeeuw","https:\/\/www.instagram.com\/vdldemeeuw\/","https:\/\/www.youtube.com\/@vdldemeeuw"]}]}},"_links":{"self":[{"href":"https:\/\/vdldemeeuw.com\/nl\/wp-json\/wp\/v2\/news\/3840","targetHints":{"allow":["GET"]}}],"collection":[{"href":"https:\/\/vdldemeeuw.com\/nl\/wp-json\/wp\/v2\/news"}],"about":[{"href":"https:\/\/vdldemeeuw.com\/nl\/wp-json\/wp\/v2\/types\/news"}],"version-history":[{"count":17,"href":"https:\/\/vdldemeeuw.com\/nl\/wp-json\/wp\/v2\/news\/3840\/revisions"}],"predecessor-version":[{"id":4250,"href":"https:\/\/vdldemeeuw.com\/nl\/wp-json\/wp\/v2\/news\/3840\/revisions\/4250"}],"wp:featuredmedia":[{"embeddable":true,"href":"https:\/\/vdldemeeuw.com\/nl\/wp-json\/wp\/v2\/media\/3841"}],"wp:attachment":[{"href":"https:\/\/vdldemeeuw.com\/nl\/wp-json\/wp\/v2\/media?parent=3840"}],"wp:term":[{"taxonomy":"news-category","embeddable":true,"href":"https:\/\/vdldemeeuw.com\/nl\/wp-json\/wp\/v2\/news-category?post=3840"}],"curies":[{"name":"wp","href":"https:\/\/api.w.org\/{rel}","templated":true}]}}